{"id":3226,"date":"2025-10-20T20:52:33","date_gmt":"2025-10-20T18:52:33","guid":{"rendered":"https:\/\/www.ptszwettl.ac.at\/wp\/?p=3226"},"modified":"2025-10-20T20:54:37","modified_gmt":"2025-10-20T18:54:37","slug":"ocg-bildungsminister-ehren-beste-computerfuehrerschein-schulen-pts-zwettl-mehrfach-ausgezeichnet","status":"publish","type":"post","link":"https:\/\/www.ptszwettl.ac.at\/wp\/2025\/10\/20\/ocg-bildungsminister-ehren-beste-computerfuehrerschein-schulen-pts-zwettl-mehrfach-ausgezeichnet\/","title":{"rendered":"OCG + Bildungsminister ehren beste Computerf\u00fchrerschein-Schulen: PTS Zwettl mehrfach ausgezeichnet"},"content":{"rendered":"<p style=\"text-align: justify;\">In den R\u00e4umlichkeiten der <strong>\u00d6sterreichischen Computer Gesellschaft (OCG)<\/strong>\u00a0in Wien wurden vergangenen Donnerstag (16. Oktober 2025)\u00a0Schulen ausgezeichnet, in denen die Digitalisierung einen besonders gro\u00dfen Stellenwert hat:<br \/>\n<strong>OCG-Pr\u00e4sident Wilfried Seyruck\u00a0<\/strong>und\u00a0<strong>Bildungsminister Christoph Wiederkehr\u00a0<\/strong>\u00fcberreichten die Auszeichnungen an Vertreterinnen und Vertreter von Schulen, an denen im abgelaufenen Schuljahr\u00a0<strong>die meisten Computerf\u00fchrerschein-Pr\u00fcfungen\u00a0<\/strong>abgelegt wurden.\u00a0Der Computerf\u00fchrerschein ist <strong>weltweit in \u00fcber 100 L\u00e4ndern anerkannt<\/strong> und in der Wirtschaft hoch gesch\u00e4tzt. In \u00d6sterreich wird die offiziell als ICDL\u00a0(International Certification of Digital Literacy)\u00a0bekannte Zertifizierung von IT-Kenntnissen seit 1997 von der \u00d6sterreichischen Computer Gesellschaft (OCG) organisiert. Letztes Jahr haben sich \u00fcber\u00a010.000\u00a0KandidatInnen zu ICDL-Pr\u00fcfungen an \u00fcber 800 heimischen Schul-Testcentern angemeldet.<\/p>\n<figure id=\"attachment_3227\" aria-describedby=\"caption-attachment-3227\" style=\"width: 525px\" class=\"wp-caption aligncenter\"><img loading=\"lazy\" decoding=\"async\" class=\"wp-image-3227 size-large\" src=\"https:\/\/www.ptszwettl.ac.at\/wp\/wp-content\/uploads\/ICDL_PTS-Zwettl-1024x683.jpg\" alt=\"ICDL_PTS-Zwettl.jpg\u00a0(\u00a9 Moritz Scheer):Vlnr.: OCG-Generalsekret\u00e4r Ronald Bieber, Bildungsminister Christoph Wiederkehr, Eva-Maria Rester,\u00a0Direktorin PTS Zwettl, Franz Wallner, ICDL-Koordinator PTS Zwettl, OCG-Pr\u00e4sident Wilfried Seyruck\" width=\"525\" height=\"350\" srcset=\"https:\/\/www.ptszwettl.ac.at\/wp\/wp-content\/uploads\/ICDL_PTS-Zwettl-1024x683.jpg 1024w, https:\/\/www.ptszwettl.ac.at\/wp\/wp-content\/uploads\/ICDL_PTS-Zwettl-500x333.jpg 500w, https:\/\/www.ptszwettl.ac.at\/wp\/wp-content\/uploads\/ICDL_PTS-Zwettl-768x512.jpg 768w, https:\/\/www.ptszwettl.ac.at\/wp\/wp-content\/uploads\/ICDL_PTS-Zwettl-1536x1024.jpg 1536w, https:\/\/www.ptszwettl.ac.at\/wp\/wp-content\/uploads\/ICDL_PTS-Zwettl.jpg 1920w\" sizes=\"auto, (max-width: 525px) 100vw, 525px\" \/><figcaption id=\"caption-attachment-3227\" class=\"wp-caption-text\">ICDL_PTS-Zwettl.jpg\u00a0(\u00a9 Moritz Scheer): Vlnr.: OCG-Generalsekret\u00e4r Ronald Bieber, Bildungsminister Christoph Wiederkehr, Eva-Maria Rester,\u00a0Direktorin PTS Zwettl, Franz Wallner, ICDL-Koordinator PTS Zwettl, OCG-Pr\u00e4sident Wilfried Seyruck<\/figcaption><\/figure>\n<p style=\"text-align: justify;\">Deren Einsatz w\u00fcrdigte Bildungsminister <strong>Christoph Wiederkehr<\/strong>\u00a0ausdr\u00fccklich: &#8222;Ich m\u00f6chte heute <strong>Danke sagen an alle Lehrkr\u00e4fte, an die Direktoren und Direktorinnen, an die OCG und alle, die Initiativen wie den Computerf\u00fchrerschein vorantreiben.\u201c<\/strong><br \/>\nWie erfolgreich deren Engagement ist, zeigt ein internationaler Vergleich.\u00a0In \u00d6sterreich haben fast 10 Prozent der Gesamtbev\u00f6lkerung ein ICDL-Zertifikat erworben. Damit liegt \u00d6sterreich im internationalen Vergleich hinter Irland auf dem zweiten Platz. Im n\u00e4chsten Jahr wird bereits das\u00a0900.000ste ICDL-Zertifikat ausgestellt werden.<\/p>\n<p>OCG-Pr\u00e4sident\u00a0<strong>Wilfried Seyruck<\/strong>\u00a0betonte, dass der Bedarf an digitalen Kompetenzen heute gr\u00f6\u00dfer sei denn je. &#8222;Speziell\u00a0f\u00fcr die Wettbewerbsf\u00e4higkeit eines Hochlohnlandes wie \u00d6sterreich\u00a0ist\u00a0informatisches Grundwissen unverzichtbar. Die effiziente Nutzung von Computern wird in der Wirtschaft neben Lesen, Schreiben und Rechnen l\u00e4ngst als vierte Kulturtechnik vorausgesetzt.\u201c<\/p>\n<p style=\"text-align: justify;\">Gleich mehrfach ausgezeichnet wurde die\u00a0<strong>Polytechnische Schule (PTS) Zwettl<\/strong>. An keiner anderen Schule wurden im Durchschnitt so viele ICDL-Zertifikate pro Kopf erworben. Mit 5,76 Zertifikaten pro Sch\u00fclerin bzw. Sch\u00fcler liegt die PTS Zwettl in diesem Ranking sowohl in\u00a0<strong>Nieder\u00f6sterreich- als auch in \u00d6sterreich auf dem ersten Rang<\/strong>.<\/p>\n<p style=\"text-align: justify;\"><img loading=\"lazy\" decoding=\"async\" class=\"aligncenter size-large wp-image-3228\" src=\"https:\/\/www.ptszwettl.ac.at\/wp\/wp-content\/uploads\/URKUNDEN-1024x662.jpg\" alt=\"\" width=\"525\" height=\"339\" srcset=\"https:\/\/www.ptszwettl.ac.at\/wp\/wp-content\/uploads\/URKUNDEN-1024x662.jpg 1024w, https:\/\/www.ptszwettl.ac.at\/wp\/wp-content\/uploads\/URKUNDEN-500x323.jpg 500w, https:\/\/www.ptszwettl.ac.at\/wp\/wp-content\/uploads\/URKUNDEN-768x497.jpg 768w, https:\/\/www.ptszwettl.ac.at\/wp\/wp-content\/uploads\/URKUNDEN-1536x994.jpg 1536w, https:\/\/www.ptszwettl.ac.at\/wp\/wp-content\/uploads\/URKUNDEN-rotated.jpg 1600w\" sizes=\"auto, (max-width: 525px) 100vw, 525px\" \/><\/p>\n<p style=\"text-align: justify;\">Mit insgesamt 455 abgelegten ICDL-Pr\u00fcfungen ist sie au\u00dferdem auch in absoluten Zahlen die\u00a0<strong>erfolgreichste Polytechnische Schule \u00d6sterreichs<\/strong>.<\/p>\n<p style=\"text-align: justify;\"><strong>\u201eDer Bundessieg der PTS Zwettl im Bereich des ICDL ist eine besondere Auszeichnung<\/strong>, die die hohe Qualit\u00e4t unserer Ausbildung und das Engagement unserer Sch\u00fclerinnen und Sch\u00fcler sowie des ICDL Koordinatoren Franz Wallner unterstreicht\u201c, freut sich\u00a0<strong>Direktorin\u00a0<\/strong><strong>Eva-Maria Rester<\/strong>\u00a0\u00fcber den Erfolg.\u00a0Warum an der PTS Zwettl so viele Sch\u00fclerinnen und Sch\u00fcler ICDL-Zertifikate ablegen, begr\u00fcndet Rester folgenderma\u00dfen.\u00a0\u201eDas ist gelungen, weil die <strong>digitale Grundbildung ein zentraler Schwerpunkt an unserer Schule ist<\/strong>. Durch das engagierte Wirken unseres ICDL-Koordinators und die gezielte Vorbereitung im Unterricht werden die Sch\u00fclerinnen und Sch\u00fcler optimal auf die Pr\u00fcfungen vorbereitet. Die Zertifizierungen sind nicht nur ein wertvoller Nachweis ihrer digitalen Kompetenzen, sondern <strong>auch f\u00fcr unsere Partnerbetriebe von gro\u00dfer Bedeutung, da sie essenzielle Schl\u00fcsselqualifikationen f\u00fcr die moderne Arbeitswelt best\u00e4tigen.\u201c<\/strong><\/p>\n<p style=\"text-align: justify;\"><img loading=\"lazy\" decoding=\"async\" class=\"aligncenter size-large wp-image-3231\" src=\"https:\/\/www.ptszwettl.ac.at\/wp\/wp-content\/uploads\/Betriebe-1024x510.jpg\" alt=\"\" width=\"525\" height=\"261\" srcset=\"https:\/\/www.ptszwettl.ac.at\/wp\/wp-content\/uploads\/Betriebe-1024x510.jpg 1024w, https:\/\/www.ptszwettl.ac.at\/wp\/wp-content\/uploads\/Betriebe-500x249.jpg 500w, https:\/\/www.ptszwettl.ac.at\/wp\/wp-content\/uploads\/Betriebe-768x383.jpg 768w, https:\/\/www.ptszwettl.ac.at\/wp\/wp-content\/uploads\/Betriebe.jpg 1527w\" sizes=\"auto, (max-width: 525px) 100vw, 525px\" \/><\/p>\n","protected":false},"excerpt":{"rendered":"<p>In den R\u00e4umlichkeiten der \u00d6sterreichischen Computer Gesellschaft (OCG)\u00a0in Wien wurden vergangenen Donnerstag (16. Oktober 2025)\u00a0Schulen ausgezeichnet, in denen die Digitalisierung einen besonders gro\u00dfen Stellenwert hat: OCG-Pr\u00e4sident Wilfried Seyruck\u00a0und\u00a0Bildungsminister Christoph Wiederkehr\u00a0\u00fcberreichten &hellip; <\/p>\n<p class=\"link-more\"><a href=\"https:\/\/www.ptszwettl.ac.at\/wp\/2025\/10\/20\/ocg-bildungsminister-ehren-beste-computerfuehrerschein-schulen-pts-zwettl-mehrfach-ausgezeichnet\/\" class=\"more-link\"><span class=\"screen-reader-text\">\u201eOCG + Bildungsminister ehren beste Computerf\u00fchrerschein-Schulen: PTS Zwettl mehrfach ausgezeichnet\u201c<\/span> weiterlesen<\/a><\/p>\n","protected":false},"author":2,"featured_media":0,"comment_status":"closed","ping_status":"closed","sticky":false,"template":"","format":"standard","meta":{"footnotes":""},"categories":[4],"tags":[],"class_list":["post-3226","post","type-post","status-publish","format-standard","hentry","category-aktivitaeten"],"_links":{"self":[{"href":"https:\/\/www.ptszwettl.ac.at\/wp\/wp-json\/wp\/v2\/posts\/3226","targetHints":{"allow":["GET"]}}],"collection":[{"href":"https:\/\/www.ptszwettl.ac.at\/wp\/wp-json\/wp\/v2\/posts"}],"about":[{"href":"https:\/\/www.ptszwettl.ac.at\/wp\/wp-json\/wp\/v2\/types\/post"}],"author":[{"embeddable":true,"href":"https:\/\/www.ptszwettl.ac.at\/wp\/wp-json\/wp\/v2\/users\/2"}],"replies":[{"embeddable":true,"href":"https:\/\/www.ptszwettl.ac.at\/wp\/wp-json\/wp\/v2\/comments?post=3226"}],"version-history":[{"count":3,"href":"https:\/\/www.ptszwettl.ac.at\/wp\/wp-json\/wp\/v2\/posts\/3226\/revisions"}],"predecessor-version":[{"id":3232,"href":"https:\/\/www.ptszwettl.ac.at\/wp\/wp-json\/wp\/v2\/posts\/3226\/revisions\/3232"}],"wp:attachment":[{"href":"https:\/\/www.ptszwettl.ac.at\/wp\/wp-json\/wp\/v2\/media?parent=3226"}],"wp:term":[{"taxonomy":"category","embeddable":true,"href":"https:\/\/www.ptszwettl.ac.at\/wp\/wp-json\/wp\/v2\/categories?post=3226"},{"taxonomy":"post_tag","embeddable":true,"href":"https:\/\/www.ptszwettl.ac.at\/wp\/wp-json\/wp\/v2\/tags?post=3226"}],"curies":[{"name":"wp","href":"https:\/\/api.w.org\/{rel}","templated":true}]}}